{"id":1007,"date":"2023-07-15T12:28:00","date_gmt":"2023-07-15T12:28:00","guid":{"rendered":"https:\/\/cadenergia.org\/?p=1007"},"modified":"2023-12-21T18:56:05","modified_gmt":"2023-12-21T18:56:05","slug":"cade-presente-en-el-encuentro-publico-privado-con-motivo-de-la-visita-del-presidente-de-chile","status":"publish","type":"post","link":"https:\/\/cadenergia.org\/cade-presente-en-el-encuentro-publico-privado-con-motivo-de-la-visita-del-presidente-de-chile\/","title":{"rendered":"CADE presente en el Encuentro P\u00fablico-Privado con motivo de la visita del Presidente de Chile"},"content":{"rendered":"\t\t<div data-elementor-type=\"wp-post\" data-elementor-id=\"1007\" class=\"elementor elementor-1007\">\n\t\t\t\t<div class=\"elementor-element elementor-element-6371290 e-flex e-con-boxed e-con e-parent\" data-id=\"6371290\" data-element_type=\"container\">\n\t\t\t\t\t<div class=\"e-con-inner\">\n\t\t\t\t<div class=\"elementor-element elementor-element-cfb764b elementor-widget elementor-widget-text-editor\" data-id=\"cfb764b\" data-element_type=\"widget\" data-widget_type=\"text-editor.default\">\n\t\t\t\t<div class=\"elementor-widget-container\">\n\t\t\t\t\t\t\t\t\t<p>El CEO de la C\u00e1mara Argentina de la Energ\u00eda (CADE), Lic. Miguel Peirano, particip\u00f3 del encuentro p\u00fablico-privado \u201cArgentina-Chile\u201d: Encadenamientos productivos y complementaci\u00f3n econ\u00f3mica bilateral para la inserci\u00f3n internacional, realizado con motivo de la visita de Estado del Presidente de la Rep\u00fablica de Chile, Gabriel Boric Font.<\/p><p>Durante el encuentro, Miguel Peirano particip\u00f3 del di\u00e1logo entre los asistentes y expuso la visi\u00f3n del sector energ\u00e9tico que desempe\u00f1a un rol esencial en el desarrollo econ\u00f3mico y social del pa\u00eds.<\/p><p>La reuni\u00f3n se realiz\u00f3 en el Palacio San Mart\u00edn y cont\u00f3 con las intervenciones del Ministro de Relaciones Exteriores, Comercio Internacional y Culto, Santiago Cafiero; la Secretaria de Relaciones Econ\u00f3micas Internacionales, Cecilia Todesca; el Ministro de Desarrollo Productivo, Mat\u00edas Kulfas; el Subsecretario de Relaciones Econ\u00f3micas Internacionales de Chile, Jos\u00e9 Ahumada y del Ministro de Energ\u00eda de Chile, Claudio Minoletti.<\/p>\t\t\t\t\t\t\t\t<\/div>\n\t\t\t\t<\/div>\n\t\t\t\t\t<\/div>\n\t\t\t\t<\/div>\n\t\t\t\t<\/div>\n\t\t","protected":false},"excerpt":{"rendered":"<p>El CEO de CADE, Lic. Miguel Peirano, particip\u00f3 del encuentro p\u00fablico-privado \u201cArgentina-Chile\u201d: Encadenamientos productivos y complementaci\u00f3n econ\u00f3mica bilateral para la inserci\u00f3n internacional, realizado con motivo de la visita del Presidente de Chile, Gabriel Boric.<\/p>\n","protected":false},"author":1,"featured_media":0,"comment_status":"closed","ping_status":"closed","sticky":false,"template":"","format":"standard","meta":{"_sitemap_exclude":false,"_sitemap_priority":"","_sitemap_frequency":"","_kadence_starter_templates_imported_post":false,"footnotes":""},"categories":[18],"tags":[],"class_list":["post-1007","post","type-post","status-publish","format-standard","hentry","category-noticias"],"_links":{"self":[{"href":"https:\/\/cadenergia.org\/wp-json\/wp\/v2\/posts\/1007","targetHints":{"allow":["GET"]}}],"collection":[{"href":"https:\/\/cadenergia.org\/wp-json\/wp\/v2\/posts"}],"about":[{"href":"https:\/\/cadenergia.org\/wp-json\/wp\/v2\/types\/post"}],"author":[{"embeddable":true,"href":"https:\/\/cadenergia.org\/wp-json\/wp\/v2\/users\/1"}],"replies":[{"embeddable":true,"href":"https:\/\/cadenergia.org\/wp-json\/wp\/v2\/comments?post=1007"}],"version-history":[{"count":0,"href":"https:\/\/cadenergia.org\/wp-json\/wp\/v2\/posts\/1007\/revisions"}],"wp:attachment":[{"href":"https:\/\/cadenergia.org\/wp-json\/wp\/v2\/media?parent=1007"}],"wp:term":[{"taxonomy":"category","embeddable":true,"href":"https:\/\/cadenergia.org\/wp-json\/wp\/v2\/categories?post=1007"},{"taxonomy":"post_tag","embeddable":true,"href":"https:\/\/cadenergia.org\/wp-json\/wp\/v2\/tags?post=1007"}],"curies":[{"name":"wp","href":"https:\/\/api.w.org\/{rel}","templated":true}]}}