{"id":1257,"date":"2024-12-05T18:01:39","date_gmt":"2024-12-05T18:01:39","guid":{"rendered":"https:\/\/cadenergia.org\/?p=1257"},"modified":"2024-12-05T18:01:40","modified_gmt":"2024-12-05T18:01:40","slug":"cade-destaca-la-importancia-estrategica-del-proyecto-de-gnl-en-el-golfo-san-matias-para-el-futuro-energetico-de-argentina","status":"publish","type":"post","link":"https:\/\/cadenergia.org\/cade-destaca-la-importancia-estrategica-del-proyecto-de-gnl-en-el-golfo-san-matias-para-el-futuro-energetico-de-argentina\/","title":{"rendered":"CADE destaca la importancia estrat\u00e9gica del proyecto de GNL en el Golfo San Mat\u00edas para el futuro energ\u00e9tico de Argentina."},"content":{"rendered":"<p>En el marco de la audiencia p\u00fablica llevada a cabo en la provincia de R\u00edo Negro, el Lic. Miguel Peirano, director ejecutivo de la <strong>C\u00e1mara Argentina de la Energ\u00eda<\/strong> (<em>CADE<\/em>), destac\u00f3 la trascendencia del proyecto de GNL en el Golfo San Mat\u00edas como un hito clave para el desarrollo energ\u00e9tico del pa\u00eds. Peirano subray\u00f3 que Argentina no solo ha alcanzado el autoabastecimiento energ\u00e9tico, sino que est\u00e1 en condiciones de convertirse en un exportador neto de gas natural.<\/p>\n<p>Durante su intervenci\u00f3n, Peirano remarc\u00f3: <em>\u201cContamos con recursos para abastecer la demanda de petr\u00f3leo por m\u00e1s de un siglo y, en el caso del gas natural, por m\u00e1s de dos siglos. Sin embargo, la transici\u00f3n energ\u00e9tica nos plantea el desaf\u00edo de consolidar este potencial y transformarlo en realidad en los pr\u00f3ximos a\u00f1os.\u201d<br \/><\/em><\/p>\n<p><strong>Impacto econ\u00f3mico y estrat\u00e9gico<\/strong><\/p>\n<p>El proyecto de GNL en el Golfo San Mat\u00edas representa una oportunidad para la provincia de R\u00edo Negro con el potencial de generar un saldo comercial positivo significativo para el pa\u00eds. \u201c<em>Estudios proyectan un super\u00e1vit comercial en torno a los 30.000 millones de d\u00f3lares para 2030, lo que refleja el cambio estructural que este desarrollo puede significar para la econom\u00eda argentina<\/em>,\u201d afirm\u00f3 Peirano.<\/p>\n<p>Adem\u00e1s, situ\u00f3 la importancia del proyecto en el contexto global, destacando que pa\u00edses como Australia, Qatar y Estados Unidos han liderado las exportaciones de GNL en la \u00faltima d\u00e9cada, con un crecimiento anual acumulativo del 5%. Asimismo, subray\u00f3 la creciente demanda en la regi\u00f3n Asia-Pac\u00edfico, impulsada especialmente por China.<\/p>\n<p><strong>Una oportunidad geopol\u00edtica \u00fanica<\/strong><\/p>\n<p>El director ejecutivo de CADE hizo referencia a la reconfiguraci\u00f3n del mercado energ\u00e9tico mundial tras la invasi\u00f3n de Rusia a Ucrania en 2022, lo que intensific\u00f3 la necesidad de diversificaci\u00f3n de suministro en Europa. En este contexto, Argentina tiene una oportunidad \u00fanica para insertarse como un proveedor confiable de gas natural licuado. \u201c<em>El proyecto en el Golfo San Mat\u00edas permitir\u00e1 a nuestro pa\u00eds capitalizar esta demanda mundial y fortalecer su posici\u00f3n en el mercado internacional<\/em>,\u201d se\u00f1al\u00f3.<\/p>\n<p><strong>Beneficio local y compromiso provincial<\/strong><\/p>\n<p>Peirano tambi\u00e9n destac\u00f3 los beneficios directos para la provincia, incluyendo la generaci\u00f3n de empleo y el impulso a la inversi\u00f3n privada. Subray\u00f3 la actitud favorable de las autoridades provinciales hacia este tipo de proyectos, lo cual ha facilitado la ejecuci\u00f3n de numerosas iniciativas en la regi\u00f3n.<\/p>\n<p>La participaci\u00f3n de CADE en la audiencia p\u00fablica reafirma el compromiso del sector energ\u00e9tico con el desarrollo sostenible y la consolidaci\u00f3n de Argentina como un actor clave en el mercado global de GNL.<\/p>\n<style>\/*! elementor - v3.18.0 - 06-12-2023 *\/\n.elementor-widget-image{text-align:center}.elementor-widget-image a{display:inline-block}.elementor-widget-image a img[src$=\".svg\"]{width:48px}.elementor-widget-image img{vertical-align:middle;display:inline-block}<\/style>\n<p>\t\t\t\t\t\t\t\t\t\t\t\t<img fetchpriority=\"high\" decoding=\"async\" width=\"655\" height=\"374\" src=\"https:\/\/cadenergia.org\/wp-content\/uploads\/2024\/12\/Captura-de-pantalla-2024-12-05-145920.jpg\" alt=\"\" srcset=\"https:\/\/cadenergia.org\/wp-content\/uploads\/2024\/12\/Captura-de-pantalla-2024-12-05-145920.jpg 655w, https:\/\/cadenergia.org\/wp-content\/uploads\/2024\/12\/Captura-de-pantalla-2024-12-05-145920-300x171.jpg 300w\" sizes=\"(max-width: 655px) 100vw, 655px\" \/><\/p>\n","protected":false},"excerpt":{"rendered":"<p>En el marco de la audiencia p\u00fablica llevada a cabo en la provincia de R\u00edo Negro, el Lic. Miguel Peirano, director ejecutivo de la C\u00e1mara Argentina de la Energ\u00eda (CADE),&hellip;<\/p>\n","protected":false},"author":1,"featured_media":0,"comment_status":"closed","ping_status":"closed","sticky":false,"template":"","format":"standard","meta":{"_sitemap_exclude":false,"_sitemap_priority":"","_sitemap_frequency":"","_kadence_starter_templates_imported_post":false,"footnotes":""},"categories":[],"tags":[],"class_list":["post-1257","post","type-post","status-publish","format-standard","hentry"],"_links":{"self":[{"href":"https:\/\/cadenergia.org\/wp-json\/wp\/v2\/posts\/1257","targetHints":{"allow":["GET"]}}],"collection":[{"href":"https:\/\/cadenergia.org\/wp-json\/wp\/v2\/posts"}],"about":[{"href":"https:\/\/cadenergia.org\/wp-json\/wp\/v2\/types\/post"}],"author":[{"embeddable":true,"href":"https:\/\/cadenergia.org\/wp-json\/wp\/v2\/users\/1"}],"replies":[{"embeddable":true,"href":"https:\/\/cadenergia.org\/wp-json\/wp\/v2\/comments?post=1257"}],"version-history":[{"count":0,"href":"https:\/\/cadenergia.org\/wp-json\/wp\/v2\/posts\/1257\/revisions"}],"wp:attachment":[{"href":"https:\/\/cadenergia.org\/wp-json\/wp\/v2\/media?parent=1257"}],"wp:term":[{"taxonomy":"category","embeddable":true,"href":"https:\/\/cadenergia.org\/wp-json\/wp\/v2\/categories?post=1257"},{"taxonomy":"post_tag","embeddable":true,"href":"https:\/\/cadenergia.org\/wp-json\/wp\/v2\/tags?post=1257"}],"curies":[{"name":"wp","href":"https:\/\/api.w.org\/{rel}","templated":true}]}}