{"id":987,"date":"2022-11-19T20:35:00","date_gmt":"2022-11-19T20:35:00","guid":{"rendered":"https:\/\/cadenergia.org\/?p=987"},"modified":"2023-12-19T20:38:48","modified_gmt":"2023-12-19T20:38:48","slug":"cade-presente-en-la-28-conferencia-industrial-de-la-uia","status":"publish","type":"post","link":"https:\/\/cadenergia.org\/cade-presente-en-la-28-conferencia-industrial-de-la-uia\/","title":{"rendered":"CADE presente en la 28\u00b0 Conferencia Industrial de la UIA"},"content":{"rendered":"\t\t<div data-elementor-type=\"wp-post\" data-elementor-id=\"987\" class=\"elementor elementor-987\">\n\t\t\t\t<div class=\"elementor-element elementor-element-91783b2 e-flex e-con-boxed e-con e-parent\" data-id=\"91783b2\" data-element_type=\"container\">\n\t\t\t\t\t<div class=\"e-con-inner\">\n\t\t\t\t<div class=\"elementor-element elementor-element-e97b40f elementor-widget elementor-widget-text-editor\" data-id=\"e97b40f\" data-element_type=\"widget\" data-widget_type=\"text-editor.default\">\n\t\t\t\t<div class=\"elementor-widget-container\">\n\t\t\t\t\t\t\t\t\t<p>La C\u00e1mara Argentina de la Energ\u00eda (CADE) particip\u00f3 de la 28\u00b0 Conferencia Industrial de la Uni\u00f3n Industrial Argentina (UIA), por medio de su CEO, Miguel Peirano, quien moder\u00f3 el panel titulado \u201cReconfiguraci\u00f3n geopol\u00edtica: los desaf\u00edos de un escenario din\u00e1mico para las cadenas de valor regionales\u201d.<\/p><p>En su discurso de apertura, Peirano remarc\u00f3 que el pa\u00eds \u201ctiene potencial para mejorar su realidad\u201d e invit\u00f3 a reflexionar acerca de las oportunidades que se presentan en el plano internacional a partir de las transformaciones geopol\u00edticas que vienen aconteciendo en un contexto desafiante, marcado por la salida de la pandemia y el conflicto b\u00e9lico entre Rusia y Ucrania.<\/p><p>Acompa\u00f1ado por Hugo Sigman, fundador de Grupo Insud, y Javier Madanes Quintanilla, Presidente Honorario de Aluar, el CEO de CADE brind\u00f3 un panorama del potencial de los distintos sectores productivos de la Argentina. En particular, detall\u00f3 que el sector energ\u00e9tico \u201cpermite proyectar resultados extraordinarios en materia de inversiones y exportaciones, lograr una matriz energ\u00e9tica exportadora y al mismo tiempo generar recursos a precios competitivos para potenciar su industrializaci\u00f3n\u201d.<\/p><p>En este sentido, destac\u00f3 la agenda de integraci\u00f3n con el Mercosur y la capacidad de abastecer de energ\u00eda al mundo, agregando que \u201cVaca Muerta, el petr\u00f3leo convencional y las energ\u00edas alternativas, el hidr\u00f3geno en particular, permiten la generaci\u00f3n de divisas que aseguren los equilibrios macroecon\u00f3micos en forma estable\u201d.<\/p><p>\u201cCuando uno revisa las proyecciones de saldo comercial del sector energ\u00e9tico y los articula con el conjunto del resto de los sectores ve c\u00f3mo a partir del a\u00f1o 2025 el impacto es determinante a nivel pa\u00eds\u201d, enfatiz\u00f3.<\/p><p>Para concluir, Peirano se\u00f1al\u00f3 que \u201cse vuelve central la capacidad de nuestro pa\u00eds de enfrentar los nuevos desaf\u00edos emergentes de la globalizaci\u00f3n y adoptar las estrategias m\u00e1s eficaces en materia de integraci\u00f3n comercial y financiera para defender los intereses de nuestro pa\u00eds\u201d.<\/p>\t\t\t\t\t\t\t\t<\/div>\n\t\t\t\t<\/div>\n\t\t\t\t\t<\/div>\n\t\t\t\t<\/div>\n\t\t\t\t<\/div>\n\t\t","protected":false},"excerpt":{"rendered":"<p>La C\u00e1mara Argentina de la Energ\u00eda (CADE) particip\u00f3 de la 28\u00b0 Conferencia Industrial de la Uni\u00f3n Industrial Argentina (UIA), por medio de su CEO, Miguel Peirano, quien moder\u00f3 el panel titulado \u201cReconfiguraci\u00f3n geopol\u00edtica: los desaf\u00edos de un escenario din\u00e1mico para las cadenas de valor regionales\u201d.<\/p>\n","protected":false},"author":1,"featured_media":0,"comment_status":"closed","ping_status":"closed","sticky":false,"template":"","format":"standard","meta":{"_sitemap_exclude":false,"_sitemap_priority":"","_sitemap_frequency":"","_kadence_starter_templates_imported_post":false,"footnotes":""},"categories":[18],"tags":[],"class_list":["post-987","post","type-post","status-publish","format-standard","hentry","category-noticias"],"_links":{"self":[{"href":"https:\/\/cadenergia.org\/wp-json\/wp\/v2\/posts\/987","targetHints":{"allow":["GET"]}}],"collection":[{"href":"https:\/\/cadenergia.org\/wp-json\/wp\/v2\/posts"}],"about":[{"href":"https:\/\/cadenergia.org\/wp-json\/wp\/v2\/types\/post"}],"author":[{"embeddable":true,"href":"https:\/\/cadenergia.org\/wp-json\/wp\/v2\/users\/1"}],"replies":[{"embeddable":true,"href":"https:\/\/cadenergia.org\/wp-json\/wp\/v2\/comments?post=987"}],"version-history":[{"count":0,"href":"https:\/\/cadenergia.org\/wp-json\/wp\/v2\/posts\/987\/revisions"}],"wp:attachment":[{"href":"https:\/\/cadenergia.org\/wp-json\/wp\/v2\/media?parent=987"}],"wp:term":[{"taxonomy":"category","embeddable":true,"href":"https:\/\/cadenergia.org\/wp-json\/wp\/v2\/categories?post=987"},{"taxonomy":"post_tag","embeddable":true,"href":"https:\/\/cadenergia.org\/wp-json\/wp\/v2\/tags?post=987"}],"curies":[{"name":"wp","href":"https:\/\/api.w.org\/{rel}","templated":true}]}}